{"id":7000,"date":"2020-10-05T19:45:11","date_gmt":"2020-10-05T19:45:11","guid":{"rendered":"http:\/\/plovercove.hk\/wp\/?p=7000"},"modified":"2020-09-27T20:55:53","modified_gmt":"2020-09-27T20:55:53","slug":"rencontres-provinciales-2","status":"publish","type":"post","link":"https:\/\/plovercove.hk\/wp\/2020\/10\/05\/rencontres-provinciales-2\/","title":{"rendered":"Rencontres Provinciales"},"content":{"rendered":"<p>Par F\u00e9lix Brun-Lagrandeparade.com Douze histoires, douze d\u00e9clinaisons dune des maladies de notre civilisation : la possession sous toutes ses formes, sous tous ses travers, ses faiblesses, ses d\u00e9bauches, ses maux.. GN_Lire la suite.. Femme \u00e0 la recherche de lhomme de lamiti\u00e9 rencontres pof cum tube france escort couple ado baise salope wikipedia Rencontre dans ma ville gratuit quimper il montre sa bite jeu fille sexy sex anal x mom anal sex Amateur porno francais vivastreet bordeaux meilleur rencontre internet site de rencontres gratuit \u00e0 cr\u00e9teil pute \u00e0 chien prix pute lyon LOMS \u00e9tudie un possible lien entre la maladie Covid-19 et la maladie de Kawasaki, un syndrome inflammatoire touchant les enfants qui a fait un premier mort en France. Des hypoth\u00e8ses initiales indiquent que ce syndrome pourrait \u00eatre li\u00e9 au Covid-19.. Nous appelons tous les cliniciens dans le monde \u00e0 travailler avec leurs autorit\u00e9s nationales et lOMS pour \u00eatre en alerte et mieux comprendre ce syndrome chez les enfants, a d\u00e9clar\u00e9 le directeur g\u00e9n\u00e9ral de lOMS, Tedros Adhanom Ghebreyesus, lors dune conf\u00e9rence de presse virtuelle \u00e0 Gen\u00e8ve. 10 juin 2020 TVA Nouvelles \u00c9conomie, F\u00e9d\u00e9ral  Parties concernes CAAMI SMALS BCSS eHEALTH CIN CPAS Associations Prestataires de soins ASA Indigents INAMI Soft 15 Le Comit\u00e9 D\u00e9partemental, par linterm\u00e9diaire de la Commission Jeunes, organise un CHALLENGE JEUNES, qui se d\u00e9roulera en : Nous accueillons avec ouverture le plan du gouvernement f\u00e9d\u00e9ral pour aider \u00e0 soutenir nos CHSLD, mais il reste des \u00e9l\u00e9ments \u00e0 clarifier, a \u00e9crit \u00e0 La Presse canadienne le porte-parole de Mme Guilbault, Jean-Fran\u00e7ois Del Torchio. Jai \u00e9cout\u00e9 l\u00e9mission sur le retour des Parisiens mal aim\u00e9s, et jai \u00e9t\u00e9 tr\u00e8s choqu\u00e9e : pour commencer un t\u00e9moignage dune personne qui a eu un comportement inacceptable, non parce quelle a quitt\u00e9 la ville, mais parce quelle est all\u00e9e avec sa famille se confiner dans une maison avec 8 autres personnes!! Aucune remarque ne lui a \u00e9t\u00e9 faite \u00e0 ce sujet, alors que chez nous des gens se font verbaliser parce quils se prom\u00e8nent \u00e0 1.2 km de leur domicile. Ensuite, \u00e0 plusieurs reprises, Paris a \u00e9t\u00e9 oppos\u00e9e \u00e0 la campagne. Mention sp\u00e9ciale au sociologue qui a dit en substance les provinciaux ont d\u00e9couvert les citadins! Ah bon, il ny a pas de villes en province? Au final, je rejoins tout \u00e0 fait lintervention du monsieur du Var, qui soulignait larrogance de certains parisiens, g\u00e9n\u00e9ralement tr\u00e8s ais\u00e9s, qui se comportent comme sils avaient tous les droits. Personne ne lui a vraiment r\u00e9pondu sur le fait quen plein confinement, un avion Paris-Nice ait d\u00e9coll\u00e9 avec des passagers, la r\u00e9ponse a consist\u00e9 \u00e0 d\u00e9nigrer ses propos en disant quil caricaturait. Ce qui n\u00e9tait pas le cas, et je le rejoins, je ne confonds pas les parisiens qui regardent de haut les provinciaux, et les parisiens qui sont des vrais gens la majorit\u00e9, heureusement. Pour conclure, cette \u00e9mission \u00e9tait tellement caricaturale sur les provinciaux qui sont des gens comme tout le monde, et ne sont pas tous des ruraux, certains vivent dans des grandes villes que jen suis atterr\u00e9e, je suis provinciale, et je ne pensais pas quun tel m\u00e9pris existait encore vis-\u00e0-vis de tout le petit peuple qui vit au-del\u00e0 du p\u00e9riph\u00e9rique, et quil pouvait sexprimer sur une station de grande \u00e9coute. Confin\u00e9e et d\u00e9confite! Bousculant les habitudes, les organisateurs voulaient ratisser large et inviter \u00e9norm\u00e9ment de monde, ce qui d\u00e9nature quelque peu lesprit dune finale. Pendant des mois, la ministre f\u00e9d\u00e9rale de la Sant\u00e9, Patty Hajdu, a assur\u00e9 que la prise de temp\u00e9rature n\u00e9tait pas un moyen efficace de pr\u00e9venir la propagation du coronavirus. La ministre Hajdu se basait sur lexp\u00e9rience v\u00e9cue pendant l\u00e9pisode du SRAS, le syndrome respiratoire aigu s\u00e9v\u00e8re. Je suis mont\u00e9 quelques fois sur Paris, alors certes mon avis ne sera peut-\u00eatre pas dune grande aide mais cest clair que je ne me suis jamais ennuy\u00e9, toujours une visite, une ballade, des rencontres \u00e0 faire. Adult\u00e8re def nijvel salope suceuses il baise une grosse cul arabe escort n\u00eemes Le lundi, fr\u00e8re Ghadir arrivait de Bagdad. Il \u00e9tait assez fatigu\u00e9 car durant 48 h, il ny avait eu ni eau, ni \u00e9lectricit\u00e9 au couvent. De nombreux pr\u00eatres chald\u00e9ens ont fuit lIrak \u00e0 la suite de diverses menaces, ce qui provoque un surcro\u00eet de travail et de mission pour nos fr\u00e8res.  Les femmes et les hommes de nos Forces arm\u00e9es sont toujours pr\u00eates \u00e0 prendre des risques pour servir les Canadiennes et les Canadiens. O\u00f9 il y a des risques, nous prenons les mesures pour les minimiser. On continue et on renforce les mesures pour quils et elles demeurent en s\u00e9curit\u00e9, conclut-il. <img decoding=\"async\" src=\"http:\/\/www.cegep-matane.qc.ca\/_fichiers\/2018\/image\/png\/20180918_midi-elections.png\" alt=\"rencontres provinciales\" align=\"right\"> Paris Provinciaux \u00e0 Paris: Mille fa\u00e7ons d\u00e9viter le mal du pays des rencontres de la Provinciale ou des d\u00e9l\u00e9gu\u00e9s avec les chefs d\u00e9tablissements et les Responsables p\u00e9dagogie, pastorale Pour les adultes de plus de 50 ans qui ont re\u00e7u la premi\u00e8re dose du vaccin recombin\u00e9 contre le zona, la deuxi\u00e8me dose peut \u00eatre report\u00e9e jusqu\u00e0 lintervalle de 6 \u00e0 12 mois les doses sont g\u00e9n\u00e9ralement recommand\u00e9es \u00e0 2 \u00e0 6 mois dintervalle, et peuvent \u00eatre envisag\u00e9es jusqu\u00e0 12 mois dintervalle en supposant que le risque de COVID-19 sera plus faible \u00e0 ce moment-l\u00e0. Si un intervalle sup\u00e9rieur \u00e0 6 \u00e0 12 mois apr\u00e8s la premi\u00e8re dose sest \u00e9coul\u00e9, il nest pas n\u00e9cessaire de recommencer la s\u00e9rie de vaccins; la d\u00e9cision de terminer la s\u00e9rie doit prendre en consid\u00e9ration le risque de transmission communautaire locale de COVID-19, en reconnaissant que les personnes peuvent rester expos\u00e9es au risque de zona pendant un intervalle plus long que celui recommand\u00e9 entre les doses 1 et 2. Populations sp\u00e9ciales La peur, le stress et lanxi\u00e9t\u00e9: Face \u00e0 une menace, la peur permet \u00e0 l\u00eatre humain de mettre en place des actions pour se d\u00e9fendre. Cependant, quand l devient trop forte, ces actions ne sont plus efficaces. Quil sagisse des mesures graduelles de d\u00e9confinement, dinqui\u00e9tudes financi\u00e8res ou de probl\u00e8mes de sant\u00e9 dun proche, limpr\u00e9visibilit\u00e9, la nouveaut\u00e9 de la situation et le sentiment de perte de contr\u00f4le entra\u00eenent in\u00e9vitablement un stress important.  Les quatre joueurs du FC S\u00e9ville qui ont enfreint les mesures de confinement en vigueur en Espagne se sont excus\u00e9s publiquement. \u00c0 la demande de Javier Tebas, le pr\u00e9sident de La Liga, le FC S\u00e9ville devrait accueillir son voisin du Betis pour le premier match de reprise du championnat espagnol le jeudi 11 juin. <img decoding=\"async\" src=\"http:\/\/www.nalijns.cf\/photos\/photo_4398.jpg\" alt=\"rencontres provinciales\" align=\"right\"> Les \u00e9tapes de la maturit\u00e9 : le moi, lautre et le tout Autre passages \u00e0 faire \u00e0 tous les \u00e2ges. Il reste encore des bougies \u00e0 vendre pour aider \u00e0 financer une partie de ce p\u00e8lerinage. Les paroisses qui veulent bien nous aider \u00e0 les vendre sont pri\u00e9es de se signaler. <img decoding=\"async\" src=\"http:\/\/ohl.uploads.s3.amazonaws.com\/app\/uploads\/ohl\/2018\/09\/17111653\/SooCoverPhoto-730x428.jpg\" alt=\"rencontres provinciales\" align=\"center\"> D\u00e9bat Grandes rencontres \u00e0 Vichy : ces phrases plurielles qui ont marqu\u00e9 la premi\u00e8re soir\u00e9e Nh\u00e9sitez pas \u00e0 proposer cette formation \u00e0 tous les membres de votre \u00e9quipe liturgique. Cest le p\u00e8re Pascal SARJAS, recteur du Grand s\u00e9minaire de Metz qui nous accompagnera pendant cette formation. Le Grand Prix de Spa-Francorchamps peut se d\u00e9rouler \u00e0 huis clos le 30 ao\u00fbt Rencontre jeunesse provinciale 2020 : un vent de d\u00e9couvertes.<\/p>\n","protected":false},"excerpt":{"rendered":"<p>rencontres provinciales<\/p>\n","protected":false},"author":1,"featured_media":0,"comment_status":"closed","ping_status":"closed","sticky":false,"template":"","format":"standard","meta":{"footnotes":""},"categories":[1],"tags":[],"_links":{"self":[{"href":"https:\/\/plovercove.hk\/wp\/wp-json\/wp\/v2\/posts\/7000"}],"collection":[{"href":"https:\/\/plovercove.hk\/wp\/wp-json\/wp\/v2\/posts"}],"about":[{"href":"https:\/\/plovercove.hk\/wp\/wp-json\/wp\/v2\/types\/post"}],"author":[{"embeddable":true,"href":"https:\/\/plovercove.hk\/wp\/wp-json\/wp\/v2\/users\/1"}],"replies":[{"embeddable":true,"href":"https:\/\/plovercove.hk\/wp\/wp-json\/wp\/v2\/comments?post=7000"}],"version-history":[{"count":1,"href":"https:\/\/plovercove.hk\/wp\/wp-json\/wp\/v2\/posts\/7000\/revisions"}],"predecessor-version":[{"id":7001,"href":"https:\/\/plovercove.hk\/wp\/wp-json\/wp\/v2\/posts\/7000\/revisions\/7001"}],"wp:attachment":[{"href":"https:\/\/plovercove.hk\/wp\/wp-json\/wp\/v2\/media?parent=7000"}],"wp:term":[{"taxonomy":"category","embeddable":true,"href":"https:\/\/plovercove.hk\/wp\/wp-json\/wp\/v2\/categories?post=7000"},{"taxonomy":"post_tag","embeddable":true,"href":"https:\/\/plovercove.hk\/wp\/wp-json\/wp\/v2\/tags?post=7000"}],"curies":[{"name":"wp","href":"https:\/\/api.w.org\/{rel}","templated":true}]}}